{"id":3423,"date":"2019-08-05T17:20:24","date_gmt":"2019-08-05T15:20:24","guid":{"rendered":"https:\/\/emagazin.plus\/?p=3423"},"modified":"2020-03-25T17:23:42","modified_gmt":"2020-03-25T16:23:42","slug":"detrich-robenek-bosch-rexroth","status":"publish","type":"post","link":"https:\/\/emagazin.plus\/cz\/detrich-robenek-bosch-rexroth\/","title":{"rendered":"Zp\u011btn\u00e9 zrc\u00e1tko: D\u011bt\u0159ich Robenek"},"content":{"rendered":"\n<figure class=\"wp-block-image\"><img decoding=\"async\" src=\"https:\/\/emagazin.plus\/wp-content\/uploads\/2019\/08\/Robenek_Ruckspiegel_Zitat-2.png\" alt=\"\" class=\"wp-image-3418\"\/><\/figure>\n\n\n\n<p style=\"color:#03095e;font-size:28px\" class=\"has-text-color\">\u201eCo byste dnes poradil sv\u00e9mu mlad\u0161\u00edmu j\u00e1?\u201c<\/p>\n\n\n\n<p>Ur\u010dit\u011b to za\u017eila v\u011bt\u0161ina z&nbsp;n\u00e1s. P\u0159i studiu jsme se setkali s&nbsp;p\u0159edm\u011btem, kter\u00fd n\u00e1s nezaj\u00edmal. Obvykle jsem to \u0159e\u0161il stylem: \u201eN\u011bco se nau\u010d\u00edm a t\u0159eba budu m\u00edt \u0161t\u011bst\u00ed.\u201c <\/p>\n\n\n\n<p>To se v\u0161ak dostavilo jen v\u00fdjime\u010dn\u011b a stejn\u011b jsem to musel doh\u00e1n\u011bt. Pozd\u011bji, p\u0159i \u0159e\u0161en\u00ed r\u016fzn\u00fdch probl\u00e9m\u016f v praxi, jsem si mnohokr\u00e1t vy\u010d\u00edtal, \u017ee jsem dostate\u010dn\u011b nevyu\u017eil tu \u0159adu p\u0159\u00edle\u017eitost\u00ed v\u011bnovat se p\u0159i studiu d\u016fsledn\u011bji pozn\u00e1n\u00ed v\u0161eho nov\u00e9ho. Doh\u00e1n\u011bn\u00ed \u201eujet\u00e9ho vlaku\u201c si v\u017edy vy\u017e\u00e1dalo v\u00edce \u00fasil\u00ed. V&nbsp;sou\u010dasnosti se \u010dasto setk\u00e1v\u00e1m se studenty\u2026 a nez\u0159\u00eddka pozn\u00e1v\u00e1m sebe sama. <\/p>\n\n\n\n<p>Moje rada tedy zn\u00ed: <em>\u010cemu se m\u016f\u017ee\u0161 nau\u010dit nyn\u00ed, neodkl\u00e1dej na pozd\u011bji.<\/em><\/p>\n\n\n\n<p><strong><em>D<\/em>\u011b<em>t\u0159ich Robenek<\/em><\/strong><em>, jednatel spole\u010dnosti Bosch Rexroth v \u010cR<\/em><\/p>\n\n\n\n<p><em>\u2026 do taj\u016f hydraulick\u00fdch syst\u00e9m\u016f se pono\u0159il hned po ukon\u010den\u00ed studia na technick\u00e9 univerzit\u011b a z\u016fstal jim v\u011brn\u00fd dodnes. P\u0159ed t\u00e9m\u011b\u0159 30 lety spoluzakl\u00e1dal pobo\u010dku spol. Bosch Rexroth v&nbsp;\u010ceskoslovensku. Od roku 2004 je jej\u00edm \u0159editelem a nyn\u00ed se zab\u00fdv\u00e1 p\u0159edev\u0161\u00edm posilov\u00e1n\u00edm aktivit v&nbsp;oblasti hydraulick\u00fdch syst\u00e9m\u016f pro pohony velk\u00fdch strojn\u00edch za\u0159\u00edzen\u00ed ve st\u0159edn\u00ed a v\u00fdchodn\u00ed Evrop\u011b.<\/em><\/p>\n<!-- AddThis Advanced Settings generic via filter on the_content -->","protected":false},"excerpt":{"rendered":"<p>V na\u0161\u00ed rubrice \u201cZp\u011btn\u00e9 zrc\u00e1tko\u201d pokl\u00e1d\u00e1me mana\u017eer\u016fm ot\u00e1zku: \u201eCo byste dnes poradil sv\u00e9mu mlad\u0161\u00edmu j\u00e1?\u201d<!-- AddThis Advanced Settings generic via filter on wp_trim_excerpt --><\/p>\n","protected":false},"author":1,"featured_media":4706,"comment_status":"open","ping_status":"open","sticky":false,"template":"","format":"standard","meta":{"om_disable_all_campaigns":false,"_monsterinsights_skip_tracking":false,"_monsterinsights_sitenote_active":false,"_monsterinsights_sitenote_note":"","_monsterinsights_sitenote_category":0,"_uf_show_specific_survey":0,"_uf_disable_surveys":false,"footnotes":""},"categories":[207,200],"tags":[271],"class_list":["post-3423","post","type-post","status-publish","format-standard","has-post-thumbnail","hentry","category-plus-03-2019","category-top-manager-tip-der-rueckspiegel","tag-ratschlag"],"translation":{"provider":"WPGlobus","version":"3.0.0","language":"cz","enabled_languages":["de","cz"],"languages":{"de":{"title":true,"content":true,"excerpt":true},"cz":{"title":true,"content":true,"excerpt":true}}},"yoast_head":"<!-- This site is optimized with the Yoast SEO plugin v23.4 - https:\/\/yoast.com\/wordpress\/plugins\/seo\/ -->\n<title>Rat vom Bosch Rexroth Gesch\u00e4ftsf\u00fchrer D\u011bt\u0159ich Robenek - Magazin Plus<\/title>\n<meta name=\"robots\" content=\"index, follow, max-snippet:-1, max-image-preview:large, max-video-preview:-1\" \/>\n<link rel=\"canonical\" href=\"https:\/\/emagazin.plus\/cz\/detrich-robenek-bosch-rexroth\/\" \/>\n<meta property=\"og:locale\" content=\"en_US\" \/>\n<meta property=\"og:type\" content=\"article\" \/>\n<meta property=\"og:title\" content=\"Zp\u011btn\u00e9 zrc\u00e1tko: D\u011bt\u0159ich Robenek - Plus\" \/>\n<meta property=\"og:url\" content=\"https:\/\/emagazin.plus\/cz\/detrich-robenek-bosch-rexroth\/\" \/>\n<meta property=\"og:site_name\" content=\"Plus\" \/>\n<meta property=\"article:published_time\" content=\"2019-08-05T15:20:24+00:00\" \/>\n<meta property=\"article:modified_time\" content=\"2020-03-25T16:23:42+00:00\" \/>\n<meta property=\"og:image\" content=\"https:\/\/emagazin.plus\/wp-content\/uploads\/2019\/08\/Robenek_Ruckspiegel_Foto.png\" \/>\n\t<meta property=\"og:image:width\" content=\"797\" \/>\n\t<meta property=\"og:image:height\" content=\"387\" \/>\n\t<meta property=\"og:image:type\" content=\"image\/png\" \/>\n<meta name=\"author\" content=\"Plus\" \/>\n<meta name=\"twitter:card\" content=\"summary_large_image\" \/>\n<meta name=\"twitter:label1\" content=\"Written by\" \/>\n\t<meta name=\"twitter:data1\" content=\"Plus\" \/>\n\t<meta name=\"twitter:label2\" content=\"Est. reading time\" \/>\n\t<meta name=\"twitter:data2\" content=\"2 minutes\" \/>\n<script type=\"application\/ld+json\" class=\"yoast-schema-graph\">{\"@context\":\"https:\/\/schema.org\",\"@graph\":[{\"@type\":\"Article\",\"@id\":\"https:\/\/emagazin.plus\/cz\/detrich-robenek-bosch-rexroth\/#article\",\"isPartOf\":{\"@id\":\"https:\/\/emagazin.plus\/cz\/detrich-robenek-bosch-rexroth\/\"},\"author\":{\"name\":\"Plus\",\"@id\":\"https:\/\/emagazin.plus\/#\/schema\/person\/37cd14efd2ba64045e168f219e9bd960\"},\"headline\":\"Zp\u011btn\u00e9 zrc\u00e1tko: D\u011bt\u0159ich Robenek\",\"datePublished\":\"2019-08-05T15:20:24+00:00\",\"dateModified\":\"2020-03-25T16:23:42+00:00\",\"mainEntityOfPage\":{\"@id\":\"https:\/\/emagazin.plus\/cz\/detrich-robenek-bosch-rexroth\/\"},\"wordCount\":490,\"commentCount\":0,\"publisher\":{\"@id\":\"https:\/\/emagazin.plus\/#organization\"},\"image\":{\"@id\":\"https:\/\/emagazin.plus\/cz\/detrich-robenek-bosch-rexroth\/#primaryimage\"},\"thumbnailUrl\":\"https:\/\/emagazin.plus\/wp-content\/uploads\/2019\/08\/Robenek_Ruckspiegel_Foto.png\",\"keywords\":[\"Ratschlag\"],\"articleSection\":[\"Ji\u017en\u00ed \u010cechy - 03\/2019\",\"Top-Manager-Tip \/ Zp\u011btn\u00e9 zrc\u00e1tko\"],\"inLanguage\":\"cz\",\"potentialAction\":[{\"@type\":\"CommentAction\",\"name\":\"Comment\",\"target\":[\"https:\/\/emagazin.plus\/cz\/detrich-robenek-bosch-rexroth\/#respond\"]}]},{\"@type\":\"WebPage\",\"@id\":\"https:\/\/emagazin.plus\/cz\/detrich-robenek-bosch-rexroth\/\",\"url\":\"https:\/\/emagazin.plus\/cz\/detrich-robenek-bosch-rexroth\/\",\"name\":\"Rat vom Bosch Rexroth Gesch\u00e4ftsf\u00fchrer D\u011bt\u0159ich Robenek - Magazin Plus\",\"isPartOf\":{\"@id\":\"https:\/\/emagazin.plus\/#website\"},\"primaryImageOfPage\":{\"@id\":\"https:\/\/emagazin.plus\/cz\/detrich-robenek-bosch-rexroth\/#primaryimage\"},\"image\":{\"@id\":\"https:\/\/emagazin.plus\/cz\/detrich-robenek-bosch-rexroth\/#primaryimage\"},\"thumbnailUrl\":\"https:\/\/emagazin.plus\/wp-content\/uploads\/2019\/08\/Robenek_Ruckspiegel_Foto.png\",\"datePublished\":\"2019-08-05T15:20:24+00:00\",\"dateModified\":\"2020-03-25T16:23:42+00:00\",\"description\":\"Vor fast 30 Jahren war D\u011bt\u0159ich Robenek Mitbegr\u00fcnder der Niederlassung von Bosch Rexroth in Tschechien und seit seit 2004 ist er Gesch\u00e4ftsf\u00fchrer.\",\"breadcrumb\":{\"@id\":\"https:\/\/emagazin.plus\/cz\/detrich-robenek-bosch-rexroth\/#breadcrumb\"},\"inLanguage\":\"cz\",\"potentialAction\":[{\"@type\":\"ReadAction\",\"target\":[\"https:\/\/emagazin.plus\/cz\/detrich-robenek-bosch-rexroth\/\"]}]},{\"@type\":\"ImageObject\",\"inLanguage\":\"cz\",\"@id\":\"https:\/\/emagazin.plus\/cz\/detrich-robenek-bosch-rexroth\/#primaryimage\",\"url\":\"https:\/\/emagazin.plus\/wp-content\/uploads\/2019\/08\/Robenek_Ruckspiegel_Foto.png\",\"contentUrl\":\"https:\/\/emagazin.plus\/wp-content\/uploads\/2019\/08\/Robenek_Ruckspiegel_Foto.png\",\"width\":797,\"height\":387,\"caption\":\"Robenek\"},{\"@type\":\"BreadcrumbList\",\"@id\":\"https:\/\/emagazin.plus\/cz\/detrich-robenek-bosch-rexroth\/#breadcrumb\",\"itemListElement\":[{\"@type\":\"ListItem\",\"position\":1,\"name\":\"Startseite\",\"item\":\"https:\/\/emagazin.plus\/\"},{\"@type\":\"ListItem\",\"position\":2,\"name\":\"Zp\u011btn\u00e9 zrc\u00e1tko: D\u011bt\u0159ich Robenek\"}]},{\"@type\":\"WebSite\",\"@id\":\"https:\/\/emagazin.plus\/#website\",\"url\":\"https:\/\/emagazin.plus\/\",\"name\":\"Plus\",\"description\":\"magaz\u00edn \u010desko-n\u011bmeck\u00e9ho hospod\u00e1\u0159tv\u00ed\",\"publisher\":{\"@id\":\"https:\/\/emagazin.plus\/#organization\"},\"potentialAction\":[{\"@type\":\"SearchAction\",\"target\":{\"@type\":\"EntryPoint\",\"urlTemplate\":\"https:\/\/emagazin.plus\/?s={search_term_string}\"},\"query-input\":{\"@type\":\"PropertyValueSpecification\",\"valueRequired\":true,\"valueName\":\"search_term_string\"}}],\"inLanguage\":\"cz\"},{\"@type\":\"Organization\",\"@id\":\"https:\/\/emagazin.plus\/#organization\",\"name\":\"Plus\",\"url\":\"https:\/\/emagazin.plus\/\",\"logo\":{\"@type\":\"ImageObject\",\"inLanguage\":\"cz\",\"@id\":\"https:\/\/emagazin.plus\/#\/schema\/logo\/image\/\",\"url\":\"https:\/\/emagazin.plus\/wp-content\/uploads\/2020\/01\/cropped-Logo-3.png\",\"contentUrl\":\"https:\/\/emagazin.plus\/wp-content\/uploads\/2020\/01\/cropped-Logo-3.png\",\"width\":1017,\"height\":221,\"caption\":\"Plus\"},\"image\":{\"@id\":\"https:\/\/emagazin.plus\/#\/schema\/logo\/image\/\"}},{\"@type\":\"Person\",\"@id\":\"https:\/\/emagazin.plus\/#\/schema\/person\/37cd14efd2ba64045e168f219e9bd960\",\"name\":\"Plus\",\"image\":{\"@type\":\"ImageObject\",\"inLanguage\":\"cz\",\"@id\":\"https:\/\/emagazin.plus\/#\/schema\/person\/image\/\",\"url\":\"https:\/\/secure.gravatar.com\/avatar\/df44f54cca64602185ca76698560e71e98255ae7be0e43f561f7df4e36cea218?s=96&d=mm&r=g\",\"contentUrl\":\"https:\/\/secure.gravatar.com\/avatar\/df44f54cca64602185ca76698560e71e98255ae7be0e43f561f7df4e36cea218?s=96&d=mm&r=g\",\"caption\":\"Plus\"},\"url\":\"https:\/\/emagazin.plus\/cz\/author\/plus\/\"}]}<\/script>\n<!-- \/ Yoast SEO plugin. -->","yoast_head_json":{"title":"Rat vom Bosch Rexroth Gesch\u00e4ftsf\u00fchrer D\u011bt\u0159ich Robenek - Magazin Plus","robots":{"index":"index","follow":"follow","max-snippet":"max-snippet:-1","max-image-preview":"max-image-preview:large","max-video-preview":"max-video-preview:-1"},"canonical":"https:\/\/emagazin.plus\/cz\/detrich-robenek-bosch-rexroth\/","og_locale":"en_US","og_type":"article","og_title":"Zp\u011btn\u00e9 zrc\u00e1tko: D\u011bt\u0159ich Robenek - Plus","og_url":"https:\/\/emagazin.plus\/cz\/detrich-robenek-bosch-rexroth\/","og_site_name":"Plus","article_published_time":"2019-08-05T15:20:24+00:00","article_modified_time":"2020-03-25T16:23:42+00:00","og_image":[{"width":797,"height":387,"url":"https:\/\/emagazin.plus\/wp-content\/uploads\/2019\/08\/Robenek_Ruckspiegel_Foto.png","type":"image\/png"}],"author":"Plus","twitter_card":"summary_large_image","twitter_misc":{"Written by":"Plus","Est. reading time":"2 minutes"},"schema":{"@context":"https:\/\/schema.org","@graph":[{"@type":"Article","@id":"https:\/\/emagazin.plus\/cz\/detrich-robenek-bosch-rexroth\/#article","isPartOf":{"@id":"https:\/\/emagazin.plus\/cz\/detrich-robenek-bosch-rexroth\/"},"author":{"name":"Plus","@id":"https:\/\/emagazin.plus\/#\/schema\/person\/37cd14efd2ba64045e168f219e9bd960"},"headline":"Zp\u011btn\u00e9 zrc\u00e1tko: D\u011bt\u0159ich Robenek","datePublished":"2019-08-05T15:20:24+00:00","dateModified":"2020-03-25T16:23:42+00:00","mainEntityOfPage":{"@id":"https:\/\/emagazin.plus\/cz\/detrich-robenek-bosch-rexroth\/"},"wordCount":490,"commentCount":0,"publisher":{"@id":"https:\/\/emagazin.plus\/#organization"},"image":{"@id":"https:\/\/emagazin.plus\/cz\/detrich-robenek-bosch-rexroth\/#primaryimage"},"thumbnailUrl":"https:\/\/emagazin.plus\/wp-content\/uploads\/2019\/08\/Robenek_Ruckspiegel_Foto.png","keywords":["Ratschlag"],"articleSection":["Ji\u017en\u00ed \u010cechy - 03\/2019","Top-Manager-Tip \/ Zp\u011btn\u00e9 zrc\u00e1tko"],"inLanguage":"cz","potentialAction":[{"@type":"CommentAction","name":"Comment","target":["https:\/\/emagazin.plus\/cz\/detrich-robenek-bosch-rexroth\/#respond"]}]},{"@type":"WebPage","@id":"https:\/\/emagazin.plus\/cz\/detrich-robenek-bosch-rexroth\/","url":"https:\/\/emagazin.plus\/cz\/detrich-robenek-bosch-rexroth\/","name":"Rat vom Bosch Rexroth Gesch\u00e4ftsf\u00fchrer D\u011bt\u0159ich Robenek - Magazin Plus","isPartOf":{"@id":"https:\/\/emagazin.plus\/#website"},"primaryImageOfPage":{"@id":"https:\/\/emagazin.plus\/cz\/detrich-robenek-bosch-rexroth\/#primaryimage"},"image":{"@id":"https:\/\/emagazin.plus\/cz\/detrich-robenek-bosch-rexroth\/#primaryimage"},"thumbnailUrl":"https:\/\/emagazin.plus\/wp-content\/uploads\/2019\/08\/Robenek_Ruckspiegel_Foto.png","datePublished":"2019-08-05T15:20:24+00:00","dateModified":"2020-03-25T16:23:42+00:00","description":"Vor fast 30 Jahren war D\u011bt\u0159ich Robenek Mitbegr\u00fcnder der Niederlassung von Bosch Rexroth in Tschechien und seit seit 2004 ist er Gesch\u00e4ftsf\u00fchrer.","breadcrumb":{"@id":"https:\/\/emagazin.plus\/cz\/detrich-robenek-bosch-rexroth\/#breadcrumb"},"inLanguage":"cz","potentialAction":[{"@type":"ReadAction","target":["https:\/\/emagazin.plus\/cz\/detrich-robenek-bosch-rexroth\/"]}]},{"@type":"ImageObject","inLanguage":"cz","@id":"https:\/\/emagazin.plus\/cz\/detrich-robenek-bosch-rexroth\/#primaryimage","url":"https:\/\/emagazin.plus\/wp-content\/uploads\/2019\/08\/Robenek_Ruckspiegel_Foto.png","contentUrl":"https:\/\/emagazin.plus\/wp-content\/uploads\/2019\/08\/Robenek_Ruckspiegel_Foto.png","width":797,"height":387,"caption":"Robenek"},{"@type":"BreadcrumbList","@id":"https:\/\/emagazin.plus\/cz\/detrich-robenek-bosch-rexroth\/#breadcrumb","itemListElement":[{"@type":"ListItem","position":1,"name":"Startseite","item":"https:\/\/emagazin.plus\/"},{"@type":"ListItem","position":2,"name":"Zp\u011btn\u00e9 zrc\u00e1tko: D\u011bt\u0159ich Robenek"}]},{"@type":"WebSite","@id":"https:\/\/emagazin.plus\/#website","url":"https:\/\/emagazin.plus\/","name":"Plus","description":"magaz\u00edn \u010desko-n\u011bmeck\u00e9ho hospod\u00e1\u0159tv\u00ed","publisher":{"@id":"https:\/\/emagazin.plus\/#organization"},"potentialAction":[{"@type":"SearchAction","target":{"@type":"EntryPoint","urlTemplate":"https:\/\/emagazin.plus\/?s={search_term_string}"},"query-input":{"@type":"PropertyValueSpecification","valueRequired":true,"valueName":"search_term_string"}}],"inLanguage":"cz"},{"@type":"Organization","@id":"https:\/\/emagazin.plus\/#organization","name":"Plus","url":"https:\/\/emagazin.plus\/","logo":{"@type":"ImageObject","inLanguage":"cz","@id":"https:\/\/emagazin.plus\/#\/schema\/logo\/image\/","url":"https:\/\/emagazin.plus\/wp-content\/uploads\/2020\/01\/cropped-Logo-3.png","contentUrl":"https:\/\/emagazin.plus\/wp-content\/uploads\/2020\/01\/cropped-Logo-3.png","width":1017,"height":221,"caption":"Plus"},"image":{"@id":"https:\/\/emagazin.plus\/#\/schema\/logo\/image\/"}},{"@type":"Person","@id":"https:\/\/emagazin.plus\/#\/schema\/person\/37cd14efd2ba64045e168f219e9bd960","name":"Plus","image":{"@type":"ImageObject","inLanguage":"cz","@id":"https:\/\/emagazin.plus\/#\/schema\/person\/image\/","url":"https:\/\/secure.gravatar.com\/avatar\/df44f54cca64602185ca76698560e71e98255ae7be0e43f561f7df4e36cea218?s=96&d=mm&r=g","contentUrl":"https:\/\/secure.gravatar.com\/avatar\/df44f54cca64602185ca76698560e71e98255ae7be0e43f561f7df4e36cea218?s=96&d=mm&r=g","caption":"Plus"},"url":"https:\/\/emagazin.plus\/cz\/author\/plus\/"}]}},"cc_featured_image_caption":{"caption_text":"","source_text":"","source_url":""},"_links":{"self":[{"href":"https:\/\/emagazin.plus\/cz\/wp-json\/wp\/v2\/posts\/3423","targetHints":{"allow":["GET"]}}],"collection":[{"href":"https:\/\/emagazin.plus\/cz\/wp-json\/wp\/v2\/posts"}],"about":[{"href":"https:\/\/emagazin.plus\/cz\/wp-json\/wp\/v2\/types\/post"}],"author":[{"embeddable":true,"href":"https:\/\/emagazin.plus\/cz\/wp-json\/wp\/v2\/users\/1"}],"replies":[{"embeddable":true,"href":"https:\/\/emagazin.plus\/cz\/wp-json\/wp\/v2\/comments?post=3423"}],"version-history":[{"count":13,"href":"https:\/\/emagazin.plus\/cz\/wp-json\/wp\/v2\/posts\/3423\/revisions"}],"predecessor-version":[{"id":4707,"href":"https:\/\/emagazin.plus\/cz\/wp-json\/wp\/v2\/posts\/3423\/revisions\/4707"}],"wp:featuredmedia":[{"embeddable":true,"href":"https:\/\/emagazin.plus\/cz\/wp-json\/wp\/v2\/media\/4706"}],"wp:attachment":[{"href":"https:\/\/emagazin.plus\/cz\/wp-json\/wp\/v2\/media?parent=3423"}],"wp:term":[{"taxonomy":"category","embeddable":true,"href":"https:\/\/emagazin.plus\/cz\/wp-json\/wp\/v2\/categories?post=3423"},{"taxonomy":"post_tag","embeddable":true,"href":"https:\/\/emagazin.plus\/cz\/wp-json\/wp\/v2\/tags?post=3423"}],"curies":[{"name":"wp","href":"https:\/\/api.w.org\/{rel}","templated":true}]}}